{"id":107,"count":1,"description":"<ul>\r\n \t<li class=\"p1\">Internado y colegio diurno mixto<\/li>\r\n \t<li class=\"p1\">Estudiantes: 120 internos y 30-40 externos.<\/li>\r\n \t<li class=\"p1\">Rango de edad: 5 a 18 a\u00f1os<\/li>\r\n \t<li class=\"p1\">Ubicaci\u00f3n: Villars-sur-Ollon en los Alpes suizos, lo que ofrece a los estudiantes f\u00e1cil acceso a actividades de monta\u00f1a.<\/li>\r\n \t<li class=\"p1\">Acreditaciones: IB, CIS (Consejo de Escuelas Internacionales), NEASC (Asociaci\u00f3n de Escuelas y Colegios de Nueva Inglaterra), DELF (diploma de franc\u00e9s), Ex\u00e1menes de idioma ingl\u00e9s de Cambridge.<\/li>\r\n \t<li class=\"p1\">Nacionalidades: todas las nacionalidades e idiomas son bienvenidas.<\/li>\r\n<\/ul>","link":"https:\/\/swiss-camps.com\/es\/schools-selection\/la-garenne-school\/","name":"Escuela La Garenne","slug":"la-garenne-school","taxonomy":"schools-selection","parent":0,"meta":[],"yoast_head":"<!-- This site is optimized with the Yoast SEO plugin v27.5 - https:\/\/yoast.com\/product\/yoast-seo-wordpress\/ -->\n<title>Archives des La Garenne School - Swiss Camps<\/title>\n<meta name=\"robots\" content=\"index, follow, max-snippet:-1, max-image-preview:large, max-video-preview:-1\" \/>\n<link rel=\"canonical\" href=\"https:\/\/swiss-camps.com\/es\/schools-selection\/la-garenne-school\/\" \/>\n<meta property=\"og:locale\" content=\"es_ES\" \/>\n<meta property=\"og:type\" content=\"article\" \/>\n<meta property=\"og:title\" content=\"Archives des La Garenne School - Swiss Camps\" \/>\n<meta property=\"og:description\" content=\"Co-educational boarding and day school Students: 120 boarders and 30-40 day students Age range: 5 to 18 Location: Villars-sur-Ollon in the Swiss Alps, giving students easy access to mountain activities. Accreditations: IB, CIS (Council of International Schools), NEASC (New England Association of Schools and Colleges), DELF (French diploma), Cambridge English Language Exams. Nationalities: all nationalities and languages are welcome.\" \/>\n<meta property=\"og:url\" content=\"https:\/\/swiss-camps.com\/es\/schools-selection\/la-garenne-school\/\" \/>\n<meta property=\"og:site_name\" content=\"Swiss Camps\" \/>\n<meta name=\"twitter:card\" content=\"summary_large_image\" \/>\n<script type=\"application\/ld+json\" class=\"yoast-schema-graph\">{\"@context\":\"https:\\\/\\\/schema.org\",\"@graph\":[{\"@type\":\"CollectionPage\",\"@id\":\"https:\\\/\\\/swiss-camps.com\\\/schools-selection\\\/la-garenne-school\\\/\",\"url\":\"https:\\\/\\\/swiss-camps.com\\\/schools-selection\\\/la-garenne-school\\\/\",\"name\":\"Archives des La Garenne School - Swiss Camps\",\"isPartOf\":{\"@id\":\"https:\\\/\\\/swiss-camps.com\\\/#website\"},\"breadcrumb\":{\"@id\":\"https:\\\/\\\/swiss-camps.com\\\/schools-selection\\\/la-garenne-school\\\/#breadcrumb\"},\"inLanguage\":\"es\"},{\"@type\":\"BreadcrumbList\",\"@id\":\"https:\\\/\\\/swiss-camps.com\\\/schools-selection\\\/la-garenne-school\\\/#breadcrumb\",\"itemListElement\":[{\"@type\":\"ListItem\",\"position\":1,\"name\":\"Accueil\",\"item\":\"https:\\\/\\\/swiss-camps.com\\\/\"},{\"@type\":\"ListItem\",\"position\":2,\"name\":\"La Garenne School\"}]},{\"@type\":\"WebSite\",\"@id\":\"https:\\\/\\\/swiss-camps.com\\\/#website\",\"url\":\"https:\\\/\\\/swiss-camps.com\\\/\",\"name\":\"Swiss Camps\",\"description\":\"Camps in Switzerland\",\"publisher\":{\"@id\":\"https:\\\/\\\/swiss-camps.com\\\/#organization\"},\"potentialAction\":[{\"@type\":\"SearchAction\",\"target\":{\"@type\":\"EntryPoint\",\"urlTemplate\":\"https:\\\/\\\/swiss-camps.com\\\/?s={search_term_string}\"},\"query-input\":{\"@type\":\"PropertyValueSpecification\",\"valueRequired\":true,\"valueName\":\"search_term_string\"}}],\"inLanguage\":\"es\"},{\"@type\":\"Organization\",\"@id\":\"https:\\\/\\\/swiss-camps.com\\\/#organization\",\"name\":\"Swiss Camps\",\"url\":\"https:\\\/\\\/swiss-camps.com\\\/\",\"logo\":{\"@type\":\"ImageObject\",\"inLanguage\":\"es\",\"@id\":\"https:\\\/\\\/swiss-camps.com\\\/#\\\/schema\\\/logo\\\/image\\\/\",\"url\":\"https:\\\/\\\/swiss-camps.com\\\/wp-content\\\/uploads\\\/2022\\\/03\\\/swiss-camp-logo_red.svg\",\"contentUrl\":\"https:\\\/\\\/swiss-camps.com\\\/wp-content\\\/uploads\\\/2022\\\/03\\\/swiss-camp-logo_red.svg\",\"width\":206,\"height\":46,\"caption\":\"Swiss Camps\"},\"image\":{\"@id\":\"https:\\\/\\\/swiss-camps.com\\\/#\\\/schema\\\/logo\\\/image\\\/\"}}]}<\/script>\n<!-- \/ Yoast SEO plugin. -->","yoast_head_json":{"title":"Archives des La Garenne School - Swiss Camps","robots":{"index":"index","follow":"follow","max-snippet":"max-snippet:-1","max-image-preview":"max-image-preview:large","max-video-preview":"max-video-preview:-1"},"canonical":"https:\/\/swiss-camps.com\/es\/schools-selection\/la-garenne-school\/","og_locale":"es_ES","og_type":"article","og_title":"Archives des La Garenne School - Swiss Camps","og_description":"Co-educational boarding and day school Students: 120 boarders and 30-40 day students Age range: 5 to 18 Location: Villars-sur-Ollon in the Swiss Alps, giving students easy access to mountain activities. Accreditations: IB, CIS (Council of International Schools), NEASC (New England Association of Schools and Colleges), DELF (French diploma), Cambridge English Language Exams. Nationalities: all nationalities and languages are welcome.","og_url":"https:\/\/swiss-camps.com\/es\/schools-selection\/la-garenne-school\/","og_site_name":"Swiss Camps","twitter_card":"summary_large_image","schema":{"@context":"https:\/\/schema.org","@graph":[{"@type":"CollectionPage","@id":"https:\/\/swiss-camps.com\/schools-selection\/la-garenne-school\/","url":"https:\/\/swiss-camps.com\/schools-selection\/la-garenne-school\/","name":"Escuela Archives des La Garenne - Campamentos suizos","isPartOf":{"@id":"https:\/\/swiss-camps.com\/#website"},"breadcrumb":{"@id":"https:\/\/swiss-camps.com\/schools-selection\/la-garenne-school\/#breadcrumb"},"inLanguage":"es"},{"@type":"BreadcrumbList","@id":"https:\/\/swiss-camps.com\/schools-selection\/la-garenne-school\/#breadcrumb","itemListElement":[{"@type":"ListItem","position":1,"name":"Accueil","item":"https:\/\/swiss-camps.com\/"},{"@type":"ListItem","position":2,"name":"La Garenne School"}]},{"@type":"WebSite","@id":"https:\/\/swiss-camps.com\/#website","url":"https:\/\/swiss-camps.com\/","name":"Campamentos suizos","description":"Campamentos en Suiza","publisher":{"@id":"https:\/\/swiss-camps.com\/#organization"},"potentialAction":[{"@type":"SearchAction","target":{"@type":"EntryPoint","urlTemplate":"https:\/\/swiss-camps.com\/?s={search_term_string}"},"query-input":{"@type":"PropertyValueSpecification","valueRequired":true,"valueName":"search_term_string"}}],"inLanguage":"es"},{"@type":"Organization","@id":"https:\/\/swiss-camps.com\/#organization","name":"Campamentos suizos","url":"https:\/\/swiss-camps.com\/","logo":{"@type":"ImageObject","inLanguage":"es","@id":"https:\/\/swiss-camps.com\/#\/schema\/logo\/image\/","url":"https:\/\/swiss-camps.com\/wp-content\/uploads\/2022\/03\/swiss-camp-logo_red.svg","contentUrl":"https:\/\/swiss-camps.com\/wp-content\/uploads\/2022\/03\/swiss-camp-logo_red.svg","width":206,"height":46,"caption":"Swiss Camps"},"image":{"@id":"https:\/\/swiss-camps.com\/#\/schema\/logo\/image\/"}}]}},"_links":{"self":[{"href":"https:\/\/swiss-camps.com\/es\/wp-json\/wp\/v2\/schools-selection\/107","targetHints":{"allow":["GET"]}}],"collection":[{"href":"https:\/\/swiss-camps.com\/es\/wp-json\/wp\/v2\/schools-selection"}],"about":[{"href":"https:\/\/swiss-camps.com\/es\/wp-json\/wp\/v2\/taxonomies\/schools-selection"}],"wp:post_type":[{"href":"https:\/\/swiss-camps.com\/es\/wp-json\/wp\/v2\/camps?schools-selection=107"}],"curies":[{"name":"wp","href":"https:\/\/api.w.org\/{rel}","templated":true}]}}